{"id":46,"date":"2014-12-31T16:43:23","date_gmt":"2014-12-31T21:43:23","guid":{"rendered":"http:\/\/www.ramiroaraujo.com\/?p=46"},"modified":"2014-12-31T16:43:23","modified_gmt":"2014-12-31T21:43:23","slug":"en-una-conferencia-amena","status":"publish","type":"post","link":"https:\/\/www.ramiroaraujo.com\/?p=46","title":{"rendered":"En una conferencia amena."},"content":{"rendered":"<p><strong>Buenos Aires. Agosto 4\u00a0<\/strong><\/p>\n<p>Los viajes deben abrir a la soledad y \u00e9sta a la libertad.<\/p>\n<p>Desde la sabidur\u00eda del conferencista, Henry sent\u00eda que todo aquello era importante, muy importante, trascendente, muy trascendente, pr\u00e1cticamente un dechado maravilloso de cosas \u00fatiles y determinantes para la vida, la vida adecuada, la marcada por la nobleza y el donaire de las mentes claras.<\/p>\n<p>Por supuesto, aquella catarata de conocimientos era tan profunda, tan clara, tan benefactora a su inteligencia, que le tranquilizaba y ese estado lo transfer\u00eda a una actitud de observador agudo y sereno, tan sereno, que lo hac\u00eda levitar hacia unas l\u00e1mparas grandes, doradas, elegantes, constituidas por una aglomeraci\u00f3n transparente de lagrimas de cristal que conformaban una especie de cavidad no frutal, aunque similar a un corozo l\u00facido y serio, dentro del cual nac\u00eda el d\u00eda y semejaba el sol como centro de un sistema, peque\u00f1o en t\u00e9rminos siderales pero desbordante para los seres humanos, tan peque\u00f1os y pasajeros, tan transitorios, tan escasamente concretos.<\/p>\n<p>De all\u00ed dio un salto reflexivo hacia la teor\u00eda de la cohesi\u00f3n de los vac\u00edos estructurados a base de distancia entre materias aisladas, pero impermeables, como la piel, el cuero y, en general, las superficies de los seres vivos. \u00bfQu\u00e9 es lo que la suma de los vac\u00edos del universo no deja permear, no deja entrar? Los fluidos acuosos. No la humedad de las cremas, y menos, las de soluciones evaporables como el alcohol o las oleaginosas, materias que, est\u00e1 demostrado, penetran los espacios de la piel. Nunca ha sucedido que alguien se llene de agua por v\u00eda de contacto. De la misma forma, en consecuencia, y este es el gozne, la uni\u00f3n: los espacios del universo no son llenados por el agua que los contiene.<\/p>\n<p>Demostrado ya, que al universo, en cuanto sistema, no le entra agua, la pregunta obligada es: \u00bfy de donde sale la lluvia? Aqu\u00ed debe hacerse una distinci\u00f3n: el agua que no entra al universo no es la misma sustancia que conforma lo que en este espec\u00edfico mundo se conoce como \u201cagua\u201d. Segundo, la sustancia acuosa es universo c\u00e9ntrica y autosuficiente y, por tanto, no se comparte con sustancias, geles, pomadas o, en general, aplicativos de naturaleza puntual y descentrada. Tercero, sentada la diferencia se\u00f1alada, el agua que no entra al universo no es la misma, ni tiene parentesco, con la que llueve en el planeta tierra o la que subyace bajo estratos diversos en otros cuerpos celestes.<\/p>\n<p>No obstante la f\u00edsica y f\u00e9rrea distinci\u00f3n, estas sustancias generan equilibrio de convivencia molecular. Porque teniendo lo externo un peque\u00f1o pariente en lo interno, no pretende hacerle da\u00f1o y, en contraposici\u00f3n o contraprestaci\u00f3n, lo interno, el quantum acuoso del sistema solar, es hidrogeno 2 y oxigeno 1, y no quiere, no pretende, conocer, abordar, llegar, a su pariente, tutor, padre, y horizonte de regulaci\u00f3n, sino que simplemente se siente c\u00f3modo, y se amolda, presintiendo , por lo dem\u00e1s, y perm\u00edtanme esta digresi\u00f3n, lo que Pewtrrgrontw ha llamado, seg\u00fan traducci\u00f3n libre: una adecuada y equilibrada convivencia.<\/p>\n<p>El sue\u00f1o, tanto el mortal como el eterno, es delicioso y su an\u00e1lisis constituye un signo, un s\u00edmbolo, un rescate de val\u00eda, de valor.<\/p>\n<p>Pero, result\u00f3 que a la media noche hab\u00eda demasiado calor. Bebi\u00f3 agua de un vaso puesto en la mesita de noche, la cual era evidente que hab\u00eda sido instalada cuando terminaron las conferencias. Tambi\u00e9n estaban all\u00ed las llaves del sal\u00f3n.<\/p>\n<p>\u00bfPor qu\u00e9 nadie hablaba? \u00bfPor qu\u00e9 no hab\u00eda nadie en ese enorme sal\u00f3n presidido por tan b\u00e1rbaro equipaje de l\u00e1grimas de cristal?<\/p>\n<p>Recordaba los principios jur\u00eddicos tutelares, la aplicaci\u00f3n pr\u00e1ctica del sistema de soluci\u00f3n de controversias y una mejora sustancial en algunos conceptos impresos en diapositivas, pero, adem\u00e1s, ten\u00eda la sensaci\u00f3n borrascosa de un sue\u00f1o pesad\u00edsimo, violento, casi torvo, y no entend\u00eda c\u00f3mo pod\u00eda estar solo, cubierto por una frazada y con una almohada, una lamparita, un libro, una mesa con comida y un digestivo. No recordaba haberse emborrachado, ni de saludos o despedidas. Todos se fueron, se dijo, \u201cpero s\u00e9 donde estoy\u201d.<\/p>\n<p>Por lo tanto, continu\u00f3 durmiendo pl\u00e1cidamente. \u201cPero me despertaron a las dos de la ma\u00f1ana para tomar el taxi que me llevar\u00eda al aeropuerto.\u201d<\/p>\n<p>\u00bfY los otros d\u00edas? \u00bfQu\u00e9 se hicieron los otros d\u00edas? Pregunt\u00f3.<\/p>\n<p>Tomo la palabra. Puedo estar en precarias condiciones pero no permito ser narrado. Ahora soy yo quien se comunica y quiere respuestas.<\/p>\n<p>Nada, ha dormido usted muy bien<\/p>\n<ul>\n<li>&#8211; \u00bfY mi hotel?<\/li>\n<li>&#8211; Nada, se dio el aviso y se\u00a0comunic\u00f3\u00a0que usted quer\u00eda seguir durmiendo.<\/li>\n<li>&#8211; Y la seguridad jur\u00eddica?<\/li>\n<li>&#8211; preservada.<\/li>\n<li>&#8211; \u00bfy la el principio del non bis in idem?<\/li>\n<li>&#8211; preservado<\/li>\n<li>&#8211; \u00a1Puedo tomar una ducha?<\/li>\n<li>&#8211; S\u00ed, s\u00ed, siga usted, se le ha asignado el ba\u00f1o de la servidumbre.<\/li>\n<li>&#8211; Muy amables.Sal\u00ed pues muy ba\u00f1ado y afeitado y tom\u00e9 el taxi.Cuando llegu\u00e9 nuevamente a mi ciudad de origen continu\u00e9 mis actividades normales y volv\u00ed a ver a los colegas que asistieron conmigo a tan importante evento, pero nunca he tenido oportunidad de preguntarles por lo sucedido, ni ellos han tocado el tema.Bueno, todo puede suceder, y sucedi\u00f3 espec\u00edficamente, en el viaje. Es la manera que los viajes abren a la soledad y constituye el precio de asomarse a la libertad.<\/li>\n<\/ul>\n","protected":false},"excerpt":{"rendered":"<p>Buenos Aires. Agosto 4\u00a0 Los viajes deben abrir a la soledad y \u00e9sta a la libertad. Desde la sabidur\u00eda del conferencista, Henry sent\u00eda que todo aquello era importante, muy importante, trascendente, muy trascendente, pr\u00e1cticamente un dechado maravilloso de cosas \u00fatiles &hellip; <a href=\"https:\/\/www.ramiroaraujo.com\/?p=46\">Sigue leyendo <span class=\"meta-nav\">&rarr;<\/span><\/a><\/p>\n","protected":false},"author":1,"featured_media":0,"comment_status":"open","ping_status":"open","sticky":false,"template":"","format":"standard","meta":{"footnotes":""},"categories":[1],"tags":[],"_links":{"self":[{"href":"https:\/\/www.ramiroaraujo.com\/index.php?rest_route=\/wp\/v2\/posts\/46"}],"collection":[{"href":"https:\/\/www.ramiroaraujo.com\/index.php?rest_route=\/wp\/v2\/posts"}],"about":[{"href":"https:\/\/www.ramiroaraujo.com\/index.php?rest_route=\/wp\/v2\/types\/post"}],"author":[{"embeddable":true,"href":"https:\/\/www.ramiroaraujo.com\/index.php?rest_route=\/wp\/v2\/users\/1"}],"replies":[{"embeddable":true,"href":"https:\/\/www.ramiroaraujo.com\/index.php?rest_route=%2Fwp%2Fv2%2Fcomments&post=46"}],"version-history":[{"count":1,"href":"https:\/\/www.ramiroaraujo.com\/index.php?rest_route=\/wp\/v2\/posts\/46\/revisions"}],"predecessor-version":[{"id":47,"href":"https:\/\/www.ramiroaraujo.com\/index.php?rest_route=\/wp\/v2\/posts\/46\/revisions\/47"}],"wp:attachment":[{"href":"https:\/\/www.ramiroaraujo.com\/index.php?rest_route=%2Fwp%2Fv2%2Fmedia&parent=46"}],"wp:term":[{"taxonomy":"category","embeddable":true,"href":"https:\/\/www.ramiroaraujo.com\/index.php?rest_route=%2Fwp%2Fv2%2Fcategories&post=46"},{"taxonomy":"post_tag","embeddable":true,"href":"https:\/\/www.ramiroaraujo.com\/index.php?rest_route=%2Fwp%2Fv2%2Ftags&post=46"}],"curies":[{"name":"wp","href":"https:\/\/api.w.org\/{rel}","templated":true}]}}