{"id":56,"date":"2014-12-31T17:51:04","date_gmt":"2014-12-31T22:51:04","guid":{"rendered":"http:\/\/www.ramiroaraujo.com\/?p=56"},"modified":"2014-12-31T17:51:04","modified_gmt":"2014-12-31T22:51:04","slug":"del-hay-festival-otras-voces","status":"publish","type":"post","link":"https:\/\/www.ramiroaraujo.com\/?p=56","title":{"rendered":"DEL HAY FESTIVAL &#8211; OTRAS VOCES"},"content":{"rendered":"<p><strong>\u00a0<\/strong><\/p>\n<p><strong>\u00a0<\/strong>A este evento algunos no asistieron. Como ya sucedi\u00f3 el a\u00f1o pasado, fueron invitados al desgaire, sin entusiasmo. Parece que la base de datos estaba desactualizada, no se constataron las direcciones y, para terminar, no se hizo el m\u00e1s m\u00ednimo seguimiento. Por tanto, no se supo ni siquiera si alguno confirm\u00f3 asistencia y luego se sinti\u00f3 desairado.<\/p>\n<p>En fin, el hecho incontrovertible es que habitantes urbanos tan cartageneros como el que m\u00e1s, colombianos todos, no asistieron a tan trascendental evento.<\/p>\n<p>Por ello, sin hacer ruido, me di a la tarea de buscarlos en sus quehaceres e indagarles de primera mano el motivo de su ausencia y otras opiniones. Ya se ver\u00eda en el transcurso de la entrevista.<\/p>\n<p>Con ayuda de un intermediario de alcurnia y poder consegu\u00ed la cita. Ser\u00eda en el Puente Rom\u00e1n, ni en Getseman\u00ed ni en Manga, sino en la frontera, en sus dominios.<\/p>\n<p>Ya se sabe, todo en ellos pertenece al mar, o a los barcos veleros, o a la sal, o a la brisa.<\/p>\n<p>All\u00ed estaba pues puntual y serio, casi doctoral; r\u00ede poco. Cuando me vio llegar termin\u00f3 de inmediato, pero con estilo, la faena de pesca que lo ocupaba bajo ese cielo azul cartagenero y apacible, emparentado con el calor y el horizonte.<\/p>\n<p>Un velero se hac\u00eda a la mar sorteando con cuidado los bajos de la bah\u00eda.<\/p>\n<p>&#8211; Buenas tardes<\/p>\n<p>&#8211; Buenas tardes<\/p>\n<p>&#8211; D\u00e9jame presentarme y proceder con mi cometido, no quiero quitarte tu valioso tiempo.<\/p>\n<p>&#8211; Valioso s\u00ed pero extenso, esa es ya una de mis diferencias con ustedes, siempre tan atragantados de tareas irrealizables.<\/p>\n<p>&#8211; Bueno, en todo caso&#8230;<\/p>\n<p>&#8211; Ven, ac\u00e9rcate a este costado del puente y te muestro mi casa y parientes.<\/p>\n<p>Consider\u00e9 prudente permitir alg\u00fan silencio antes de preguntar y al fin dije:<\/p>\n<p>Voy a ser directo: \u00bfpor qu\u00e9 no asisti\u00f3 usted al festival y sus eventos?<\/p>\n<p>&#8211; Bueno, por ah\u00ed he atisbado&#8230;.. pero, la verdad, usted sabe, interpret\u00e9 que querr\u00edan estar solos.<\/p>\n<p>&#8211; \u00bfQu\u00e9 indicios?<\/p>\n<p>&#8211; De todo tipo. F\u00edjese usted, todo aquello de las sillas, las mesas, el aire acondicionado, el micr\u00f3fono, las autoayudas, la disposici\u00f3n del escenario. Creo que la log\u00edstica est\u00e1 dispuesta para excluirnos. Y esto lo digo bajo la cortes\u00eda de la respuesta, no como reclamo o queja.<\/p>\n<p>&#8211; Bueno, \u00bfno habr\u00edan podido pedir algunos cambios? De seguro se habr\u00eda podido llegar a alg\u00fan acuerdo. Usted sabe, los organizadores son gente interesada en complacer a los conferencistas y esas cosas.<\/p>\n<p>&#8211; No val\u00eda la pena, adem\u00e1s, es posible que en ciertos casos la diversidad deba solo respetarse sin mezclarse.<\/p>\n<p>&#8211; \u00bfEn que est\u00e1n ustedes en cuanto escritura, en cuanto a palabra?<\/p>\n<p>&#8211; Pues, viendo el asunto sin prejuicios ni petulancia, bastante bien, pero, quiero aclararle que nuestras formas de escribir y nuestra tradici\u00f3n milenaria de comunicaci\u00f3n ha tomado, o tom\u00f3 desde hace mucho tiempo, un objeto de narraci\u00f3n, una reflexi\u00f3n, diferente de la de ustedes.<\/p>\n<p>&#8211; \u00bfProducen muchos libros?<\/p>\n<p>&#8211; No, en realidad no. Pero d\u00e9jeme explicarle: el libro y los documentos conservables en general, son una invenci\u00f3n reciente y a decir verdad, excluyente de nuestra cultura, lo cual nosotros no solo hemos desechado como poco \u00fatil, sino peligrosa.<\/p>\n<p>-\u00bfEs malo escribir documentos?<\/p>\n<p>&#8211; Pues no lo s\u00e9, pero lo evidente es que su cultura ha sobredimensionado la cuesti\u00f3n de la comunicaci\u00f3n permanente.<\/p>\n<p>&#8211; \u00bfPero ha sido indispensable para el progreso, hemos logrado crear una verdadera historia y avanzar de forma impensable hace 6.000 a\u00f1os, cuando todas las culturas u organizaciones asociadas compart\u00edan el ideal de estabilidad.<\/p>\n<p>&#8211; He ah\u00ed otro tremendo prejuicio, ustedes creen que mejoran porque escriben y progresan. Nosotros, en cambio, hemos generado un devenir asociado mucho m\u00e1s acompasado, predecible, estable e igualitario.<\/p>\n<p>Cr\u00e9ame, nosotros seguimos con mucho inter\u00e9s sus manifestaciones culturales, en especial la escrita. Pero claro, como nunca se nos ve leyendo, se ha formado la idea err\u00f3nea de que no lo hacemos.<\/p>\n<p>\u00bfSabe usted cu\u00e1l es la funci\u00f3n y la permanencia de nuestra \u201cpalabra\u201d?<\/p>\n<p>&#8211; No, no, me sorprende usted.<\/p>\n<p>&#8211; \u00bfV\u00e9? Nosotros tenemos escritura de playa y a\u00e9rea, programada para perdurar una generaci\u00f3n y media. Lo cual, lo hemos demostrado por milenios, es suficiente para alimento, vuelo y enso\u00f1aci\u00f3n \u00bfcree usted que nuestras cabriolas son caprichosas y ca\u00f3ticas?<\/p>\n<p>&#8211; No, s\u00ed&#8230;<\/p>\n<p>&#8211; \u00bfVe? D\u00e9jeme explicarle, venga, ac\u00e9rquese, observe a ese colega que parecer\u00eda estar volando.<\/p>\n<p>&#8211; So\u00f1ando.<\/p>\n<p>&#8211; Si, parecer\u00eda, pero no, est\u00e1 escribiendo importante informaci\u00f3n. Mire aquel otro en la playa, pensativo y serio. \u00bfqu\u00e9 cree que hace con sus huellas?<\/p>\n<p>&#8211; \u00bfEscribiendo?<\/p>\n<p>&#8211; Claro. Lo que pasa es que no nos amargamos como ustedes con todo ese discurso de la cultura, la historia y las diez mil y m\u00e1s cosas por las que ustedes discuten.<\/p>\n<p>&#8211; Pero bueno \u00bfqu\u00e9 los llev\u00f3 a esta elecci\u00f3n cultural?<\/p>\n<p>&#8211; Muchas cosas, pero remont\u00e9monos a los albores del deshielo \u00bfhabr\u00e1 usted le\u00eddo sobre ello? \u00bfno?<\/p>\n<p>&#8211; Domier, uno de nuestros antepasados fundadores, algo as\u00ed como Ad\u00e1n, Abraham o Mois\u00e9s para ustedes, tuvo la visi\u00f3n fundamental, de la cual estableci\u00f3 el orden de convivencia, m\u00e1s o menos como Los Diez Mandamientos para los judeo cristianos. En ella qued\u00f3 establecido que es mejor preservar que mejorar o poblar.<\/p>\n<p>&#8211; \u00bfSon ustedes conservadores?<\/p>\n<p>&#8211; No, por cierto, pero tampoco liberales. Primero, no hacemos pol\u00edtica, aunque entendemos muy bien el fen\u00f3meno del poder; adem\u00e1s, realmente no nos interesa. Pero bueno, la cuesti\u00f3n es que el primer antepasado funcional, recogiendo la experiencia y sabidur\u00eda de siglos, aunque usted no lo crea, propuso un voto de permanencia. De ah\u00ed que no nos armamos y casi no peleamos y, por lo tanto, no somos muy aficionados al Festival Hay de literatura.<\/p>\n<p>&#8211; \u00a1Magn\u00edfico! Est\u00e1 claro. Cambiando de tema: cuando ustedes se zambullen desde 15 o m\u00e1s metros de altura \u00bfentran al agua con la boca abierta, o la abren despu\u00e9s de haber pasado la superficie?<\/p>\n<p>&#8211; Bueno, es opcional, lo importante es no sobrepasar el punto en que la aerodinamia entrar\u00eda en choque con nuestra anatom\u00eda.<\/p>\n<p>&#8211; \u00bfC\u00f3mo corrigen ustedes el fen\u00f3meno de la refracci\u00f3n?<\/p>\n<p>&#8211; Bueno, eso es cuesti\u00f3n de milenios y, adem\u00e1s, siempre est\u00e1n las f\u00f3rmulas redactadas por los maestros.<\/p>\n<p>-\u00bfEst\u00e1n escritas?<\/p>\n<p>&#8211; No, no se trata de eso, pero existen y, cr\u00e9ame, son confiables. Pero no me pregunte usted por ellas, porque de seguro ser\u00edan comercializadas y nuestra cultura irrespetada, as\u00ed que, por favor, no m\u00e1s preguntas.<\/p>\n<p>-Muchas gracias.<\/p>\n<p>-A usted.<\/p>\n<p>&nbsp;<\/p>\n<p>&#8212;&#8212;&#8212;&#8212;&#8212;0&#8212;&#8212;&#8212;-<\/p>\n<p>&nbsp;<\/p>\n<p>&nbsp;<\/p>\n<p>&nbsp;<\/p>\n<p>&nbsp;<\/p>\n<p>&nbsp;<\/p>\n<p><strong>\u00a0<\/strong><\/p>\n<p>&nbsp;<\/p>\n","protected":false},"excerpt":{"rendered":"<p>\u00a0 \u00a0A este evento algunos no asistieron. Como ya sucedi\u00f3 el a\u00f1o pasado, fueron invitados al desgaire, sin entusiasmo. Parece que la base de datos estaba desactualizada, no se constataron las direcciones y, para terminar, no se hizo el m\u00e1s &hellip; <a href=\"https:\/\/www.ramiroaraujo.com\/?p=56\">Sigue leyendo <span class=\"meta-nav\">&rarr;<\/span><\/a><\/p>\n","protected":false},"author":1,"featured_media":0,"comment_status":"open","ping_status":"open","sticky":false,"template":"","format":"standard","meta":{"footnotes":""},"categories":[1],"tags":[],"_links":{"self":[{"href":"https:\/\/www.ramiroaraujo.com\/index.php?rest_route=\/wp\/v2\/posts\/56"}],"collection":[{"href":"https:\/\/www.ramiroaraujo.com\/index.php?rest_route=\/wp\/v2\/posts"}],"about":[{"href":"https:\/\/www.ramiroaraujo.com\/index.php?rest_route=\/wp\/v2\/types\/post"}],"author":[{"embeddable":true,"href":"https:\/\/www.ramiroaraujo.com\/index.php?rest_route=\/wp\/v2\/users\/1"}],"replies":[{"embeddable":true,"href":"https:\/\/www.ramiroaraujo.com\/index.php?rest_route=%2Fwp%2Fv2%2Fcomments&post=56"}],"version-history":[{"count":1,"href":"https:\/\/www.ramiroaraujo.com\/index.php?rest_route=\/wp\/v2\/posts\/56\/revisions"}],"predecessor-version":[{"id":57,"href":"https:\/\/www.ramiroaraujo.com\/index.php?rest_route=\/wp\/v2\/posts\/56\/revisions\/57"}],"wp:attachment":[{"href":"https:\/\/www.ramiroaraujo.com\/index.php?rest_route=%2Fwp%2Fv2%2Fmedia&parent=56"}],"wp:term":[{"taxonomy":"category","embeddable":true,"href":"https:\/\/www.ramiroaraujo.com\/index.php?rest_route=%2Fwp%2Fv2%2Fcategories&post=56"},{"taxonomy":"post_tag","embeddable":true,"href":"https:\/\/www.ramiroaraujo.com\/index.php?rest_route=%2Fwp%2Fv2%2Ftags&post=56"}],"curies":[{"name":"wp","href":"https:\/\/api.w.org\/{rel}","templated":true}]}}