{"id":73,"date":"2016-08-06T19:05:53","date_gmt":"2016-08-07T00:05:53","guid":{"rendered":"http:\/\/www.ramiroaraujo.com\/?p=73"},"modified":"2016-08-06T19:05:53","modified_gmt":"2016-08-07T00:05:53","slug":"k16-aeropuerto","status":"publish","type":"post","link":"https:\/\/www.ramiroaraujo.com\/?p=73","title":{"rendered":"K16 Aeropuerto"},"content":{"rendered":"<p>K16 Aeropuerto<\/p>\n<p>&nbsp;<\/p>\n<p>El d\u00eda puede llamarse gris, pero fresco, m\u00e1s bien normal para la ciudad. Dir\u00edase adecuado para cuestiones urbanas, es decir, traslados en servicio p\u00fablico, consignaciones, entrevistas, elaboraci\u00f3n de memoriales, cosas as\u00ed, de monta, ni de poca ni de mucha, simplemente d\u00edas de esos en los cuales uno puede caminar de vuelta a la oficina y pasar por en\u00e9sima vez por el restaurante de pollo apanado del cual ni conoces al due\u00f1o, ni lo has visto, ni lo ver\u00e1s<a href=\"http:\/\/www.ramiroaraujo.com\/wp-admin\/post-new.php#_ftn1\" name=\"_ftnref1\">[1]<\/a>; en realidad ni siquiera has entrado all\u00ed, salvo, quiz\u00e1, una vez que entraste solo a mingir<a href=\"http:\/\/www.ramiroaraujo.com\/wp-admin\/post-new.php#_ftn2\" name=\"_ftnref2\">[2]<\/a><\/p>\n<p>&nbsp;<\/p>\n<p>La cuesti\u00f3n es que este fue el d\u00eda. El bus tren va por la avenida que referencia mi barrio entre el kil\u00f3metro 10 y el 15, hasta la otra, la que deriva al occidente y luego vuelve a acostarse hacia el sur hasta perderse en zonas desconocidas. En un punto discreto de la geograf\u00eda urbana el bus tren tuerce radicalmente hacia el occidente, hacia el aeropuerto.<\/p>\n<p>&nbsp;<\/p>\n<p>Para algo se hizo a filosof\u00eda, el pensamiento. Lo importante no es la meta sino el discurrir. Me explico, en la primera estaci\u00f3n intermedia abordan un vendedor de esferos y un m\u00fasico. El ciego sin una pierna y el que acaba de salir de la c\u00e1rcel no lo hicieron hoy, estar\u00e1n de seguro en otra ruta, la de La Caracas quiz\u00e1. No todas las rutas sirven a todas las profesiones, eso ha de quedar claro.<\/p>\n<p>&nbsp;<\/p>\n<p>El hombre de la m\u00fasica lleva su pista en un equipo colgado al pecho y canta con micr\u00f3fono y parlante. No es Pl\u00e1cido Domingo, ni siquiera un canario veredal, pero, he aqu\u00ed que tiene lo suyo. Por lo menos personalidad, producto de la necesidad, no ha de negarse, pero personalidad. El de los esferos, entre tanto, baja, pero es reemplazado por un exitoso vendedor de mandalas a quien no le va nada mal. El producto es interesante y a buen precio. Las lesbianas de enfrente le compran 3, la se\u00f1ora de all\u00e1 2, y adiciona un ejemplar de recetas de ensalada. La gente le pide algunos ejemplares espec\u00edficos y el hombre responde como un profesional; tiene un equilibrio perfecto y no se desestabiliza por curvas o frenadas, bien sea en posici\u00f3n erguida con libros en la mano o en cuclillas buscando en el morral.<\/p>\n<p>&nbsp;<\/p>\n<p>La primera fue uno de esos cl\u00e1sicos, digamos \u201calumbra luna, alumbra luna, alumbra luna, que ya me voy pa la monta\u00f1a, llevo en mi mochil\u00f3n caf\u00e9 y canela, tambi\u00e9n mi coraz\u00f3n pa Micaela, cuando salga el sol en la ma\u00f1ana. Llevo tambi\u00e9n mi tamborcito pa entona un buen merengue\u2026\u201d<\/p>\n<p>&nbsp;<\/p>\n<p>Tambi\u00e9n se mand\u00f3 La Gata Golosa y otros aires muy colombianos. El bus tren pas\u00f3 entre los l\u00edmites de los barrios de comerciantes a uno y otro lado, por edificios p\u00fablicos, por la Universidad Nacional, por el Centro Administrativo Nacional, por el peri\u00f3dico El Tiempo, por la Hemeroteca Nacional, por un cementerio, por el barrio Antonio Nari\u00f1o, por el barrio El Salitre, por el antiguo patio de los buses troleys. Dej\u00f3 la izquierda el Centro Administrativo Distrital y le dijimos adi\u00f3s desde muy lejos a los cerros Monserrate y Guadalupe y al edificio Colpatria.<\/p>\n<p>&nbsp;<\/p>\n<p>Nadie tiene la culpa<a href=\"http:\/\/www.ramiroaraujo.com\/wp-admin\/post-new.php#_ftn3\" name=\"_ftnref3\">[3]<\/a>, pero me acord\u00e9 de unas tardes lejanas en las que hab\u00eda andado por ah\u00ed atendiendo compromisos poco c\u00e9lebres unos y otros de celebridad media. Cosas p\u00e1lidas, de las que uno se acuerda con sensaci\u00f3n plana. Como esos potreros urbanos con el pasto siempre un poco alto. Idas a matin\u00e9, jugadas de bolos, alguna fiesta por la tarde, cosas que se recuerdan en gris. \u00bfPor qu\u00e9 de esa manera? \u00a1Vaya uno a saber! La urbe es un estado del alma\u2026quiz\u00e1. Cosas indefinibles.<\/p>\n<p>&nbsp;<\/p>\n<p>Me llen\u00e9 de esa palidez extra\u00f1a de memoria imprecisa y, en ese preciso instante, se me vino encima como lo hace la niebla en sus parajes, la certeza imperiosa de que aunque tambi\u00e9n la ciudad desaparecer\u00e1 alg\u00fan d\u00eda, es m\u00e1s claro y contundente que dentro de lo que dur\u00f3 lo que ya se fue, digamos en unos 60 a\u00f1os, ya yo no estar\u00e9 ni en el bus tren ni en parte alguna de estos recuerdos y nadie sabr\u00e1 si hubo un pasajero que se iba de viaje e inventariaba la ciudad sobre la tenue brisa de un d\u00eda que hemos calificado de gris.<\/p>\n<p>&nbsp;<\/p>\n<p>Sent\u00ed el acoso de un rio interior del que no supe si saborear o avergonzarme. Y todav\u00eda faltaban algunas estaciones antes de mi destino.<\/p>\n<p>&nbsp;<\/p>\n<p>Ahora recuerdo cuando estuve en Roma y camin\u00e9 por entre esas ruinas legendarias y me hablaron de una se\u00f1ora que hab\u00eda vivido all\u00ed hace m\u00e1s de 2.000 a\u00f1os con un emperador que dej\u00f3 unos arcos y conquist\u00f3 otras urbes y anex\u00f3 regiones lejanas para gloria de un futuro que ya hace cientos de a\u00f1os se volvi\u00f3 piedra que se vende para que mucha gente conquiste su propia experiencia de desbocarse hacia el infinito del pasado, como consuelo de que todos seremos un soplo imperceptible en el recuerdo milenario de la historia. De hecho a muchos lugares de Roma tambi\u00e9n se llega en tren o en bus y habr\u00e1 un pasajero que inventar\u00e1 su propia nostalgia como una despedida en el idioma susurrante de la m\u00fasica.<\/p>\n<p>&nbsp;<\/p>\n<p><a href=\"http:\/\/www.ramiroaraujo.com\/wp-admin\/post-new.php#_ftnref1\" name=\"_ftn1\">[1]<\/a> Y, sin embargo, un espa\u00f1ol te preguntar\u00e1 en Estocolmo si lo conoces, porque el hizo un curso en Caracas<\/p>\n<p><a href=\"http:\/\/www.ramiroaraujo.com\/wp-admin\/post-new.php#_ftnref2\" name=\"_ftn2\">[2]<\/a> Lo que se hace en el mingitorio.<\/p>\n<p><a href=\"http:\/\/www.ramiroaraujo.com\/wp-admin\/post-new.php#_ftnref3\" name=\"_ftn3\">[3]<\/a> Queriendo decir \u201cnadie tiene la causa de\u201d<\/p>\n","protected":false},"excerpt":{"rendered":"<p>K16 Aeropuerto &nbsp; El d\u00eda puede llamarse gris, pero fresco, m\u00e1s bien normal para la ciudad. Dir\u00edase adecuado para cuestiones urbanas, es decir, traslados en servicio p\u00fablico, consignaciones, entrevistas, elaboraci\u00f3n de memoriales, cosas as\u00ed, de monta, ni de poca ni &hellip; <a href=\"https:\/\/www.ramiroaraujo.com\/?p=73\">Sigue leyendo <span class=\"meta-nav\">&rarr;<\/span><\/a><\/p>\n","protected":false},"author":1,"featured_media":0,"comment_status":"open","ping_status":"open","sticky":false,"template":"","format":"standard","meta":{"footnotes":""},"categories":[3],"tags":[],"_links":{"self":[{"href":"https:\/\/www.ramiroaraujo.com\/index.php?rest_route=\/wp\/v2\/posts\/73"}],"collection":[{"href":"https:\/\/www.ramiroaraujo.com\/index.php?rest_route=\/wp\/v2\/posts"}],"about":[{"href":"https:\/\/www.ramiroaraujo.com\/index.php?rest_route=\/wp\/v2\/types\/post"}],"author":[{"embeddable":true,"href":"https:\/\/www.ramiroaraujo.com\/index.php?rest_route=\/wp\/v2\/users\/1"}],"replies":[{"embeddable":true,"href":"https:\/\/www.ramiroaraujo.com\/index.php?rest_route=%2Fwp%2Fv2%2Fcomments&post=73"}],"version-history":[{"count":1,"href":"https:\/\/www.ramiroaraujo.com\/index.php?rest_route=\/wp\/v2\/posts\/73\/revisions"}],"predecessor-version":[{"id":74,"href":"https:\/\/www.ramiroaraujo.com\/index.php?rest_route=\/wp\/v2\/posts\/73\/revisions\/74"}],"wp:attachment":[{"href":"https:\/\/www.ramiroaraujo.com\/index.php?rest_route=%2Fwp%2Fv2%2Fmedia&parent=73"}],"wp:term":[{"taxonomy":"category","embeddable":true,"href":"https:\/\/www.ramiroaraujo.com\/index.php?rest_route=%2Fwp%2Fv2%2Fcategories&post=73"},{"taxonomy":"post_tag","embeddable":true,"href":"https:\/\/www.ramiroaraujo.com\/index.php?rest_route=%2Fwp%2Fv2%2Ftags&post=73"}],"curies":[{"name":"wp","href":"https:\/\/api.w.org\/{rel}","templated":true}]}}