{"id":87,"date":"2016-08-24T16:59:31","date_gmt":"2016-08-24T21:59:31","guid":{"rendered":"http:\/\/www.ramiroaraujo.com\/?p=87"},"modified":"2016-08-24T16:59:31","modified_gmt":"2016-08-24T21:59:31","slug":"gusano-mi-amigo","status":"publish","type":"post","link":"https:\/\/www.ramiroaraujo.com\/?p=87","title":{"rendered":"Gusano, mi amigo"},"content":{"rendered":"<p>Gusano bajo la tierra, dormido o no, ah\u00ed est\u00e1, \u00bfqu\u00e9 le digo?<\/p>\n<p>\u00bfTomas caf\u00e9 con leche?<\/p>\n<p>Lo que me contesta es que \u00e9l est\u00e1 ah\u00ed. Bueno, le digo, pero el fr\u00edo, la tierra, el sol, los enemigos, el futuro, \u00bfc\u00f3mo te aproximas a todo eso?<\/p>\n<ul>\n<li>\u00bf!&#8230;&#8230;!.. ?<\/li>\n<\/ul>\n<p>Entiendo, t\u00fa est\u00e1s ah\u00ed. Me desagradas \u00bfsabes?<\/p>\n<ul>\n<li>\u2026\u2026.<\/li>\n<\/ul>\n<p>Es que estar ah\u00ed para m\u00ed es dif\u00edcil. Porque debo estar quieto e inc\u00f3modo, necesito el \u201cpasar del tiempo\u201d, no se \u201cestar sin tiempo\u201d. Un tic, tac, algo que se mueva y, adem\u00e1s\u2026.. la incomodidad, el fr\u00edo, los dolorcitos.<\/p>\n<ul>\n<li>\u00bf\u2026\u2026?<\/li>\n<\/ul>\n<p>El miedo a la quietud de una camilla, de un tom\u00f3grafo, cosas as\u00ed en las que solo se puede pensar, si acaso, pero asediado por imperceptibles incomodidades. Un poquit\u00edn de frio en la espalda, algo de saliva en la garganta, un arn\u00e9s que aprieta el est\u00f3mago y no deja respirar a plenitud, el pensamiento sobre el tipo al que met\u00edan en un gran toro de metal y le pon\u00edan una hoguera abajo para que se quemara poco a poco, o la posibilidad de que el tom\u00f3grafo se contraiga y te aplaste poco a poco.<\/p>\n<p>Por supuesto, al sexto d\u00eda puedes incluso dormir \u2026 pero \u00bfqu\u00e9 tal que se te olvide inhalar? No, la verdad, si todo empieza a parecerte c\u00f3modo ya el tiempo no importa.<\/p>\n<p>\u00bfSer\u00e1 que me estoy refiriendo a la agon\u00eda potencial?<\/p>\n<ul>\n<li>\u2026.<\/li>\n<\/ul>\n<p>No, no digas nada, t\u00fa est\u00e1s ah\u00ed, ya lo s\u00e9. Pienso si el sant\u00f3n de la India se pasar\u00eda igual todo el d\u00eda viendo lejos si lo metemos en no, no en una nevera pero s\u00ed en una caja fr\u00eda, \u00bfqu\u00e9 opinas?<\/p>\n<ul>\n<li>\u00a1\u2026\u2026!<\/li>\n<\/ul>\n<p>Si no me explican cuanto voy a estar quieto, un poquito inc\u00f3modo, no me siento totalmente tranquilo. \u00bfDeber\u00eda? \u00bfTodos somos algo hipocondr\u00edacos?<\/p>\n<p>\u00bfEs esto?<\/p>\n<p>T\u00fa no sabes lo agradable que es sentirse a gusto con el cuerpo.<\/p>\n<ul>\n<li>\u00bf\u00a1&#8230;&#8230;!?<\/li>\n<\/ul>\n<p>Salir por la ma\u00f1ana y gozar del viento, o del sol, de la frescura del ambiente, de respirar y so\u00f1ar con lo que har\u00e1s\u2026\u2026\u2026..<\/p>\n<ul>\n<li>\u2026.<\/li>\n<\/ul>\n<p>En la ciudad, s\u00ed, tambi\u00e9n puedes interesarte en los olores, aunque yo no sea mucho de oler, no importa, los aromas, el olor, que no, no implica siempre \u201cmal olor\u201d, sino que son los matices del aire.<\/p>\n<p>Sentirte delgado, que puedes contraer un poco la barriga y sentirte f\u00edsicamente muy bien, como los Kung Fu de las pel\u00edculas, sentir que tus pasos son \u00e1giles, que tu desplazamiento es maravilloso, que eres fuerte, que podr\u00edas ir de cacer\u00eda \u2026\u2026\u2026\u2026. de gusanos \u2026\u2026\u2026.<\/p>\n<ul>\n<li>\u00bf\u00a1\u2026\u2026!?<\/li>\n<\/ul>\n<p>Y de otros animales, o tambi\u00e9n recolectar frutos y verduras para alimentarte y continuar sano, contento y cantar<\/p>\n<ul>\n<li>\u2026.<\/li>\n<\/ul>\n<p>O silbar.<\/p>\n<p>La cuesti\u00f3n es que all\u00e1 en el fondo hay incertidumbre, pero, como piensas, divagas, entonces te \u201centregas\u201d a lo indefectible y, para el resto, te apertrechas psicol\u00f3gicamente.<\/p>\n<ul>\n<li>\u00a1\u2026.. \u00a1<\/li>\n<\/ul>\n<p>Es el gozo vital y la tranquilidad filos\u00f3fica \u00bfentiendes?<\/p>\n<ul>\n<li>\u2026\u2026.<\/li>\n<\/ul>\n<p>Bueno, qu\u00e9date ah\u00ed.<\/p>\n","protected":false},"excerpt":{"rendered":"<p>Gusano bajo la tierra, dormido o no, ah\u00ed est\u00e1, \u00bfqu\u00e9 le digo? \u00bfTomas caf\u00e9 con leche? Lo que me contesta es que \u00e9l est\u00e1 ah\u00ed. Bueno, le digo, pero el fr\u00edo, la tierra, el sol, los enemigos, el futuro, \u00bfc\u00f3mo &hellip; <a href=\"https:\/\/www.ramiroaraujo.com\/?p=87\">Sigue leyendo <span class=\"meta-nav\">&rarr;<\/span><\/a><\/p>\n","protected":false},"author":1,"featured_media":0,"comment_status":"open","ping_status":"open","sticky":false,"template":"","format":"standard","meta":{"footnotes":""},"categories":[3],"tags":[],"_links":{"self":[{"href":"https:\/\/www.ramiroaraujo.com\/index.php?rest_route=\/wp\/v2\/posts\/87"}],"collection":[{"href":"https:\/\/www.ramiroaraujo.com\/index.php?rest_route=\/wp\/v2\/posts"}],"about":[{"href":"https:\/\/www.ramiroaraujo.com\/index.php?rest_route=\/wp\/v2\/types\/post"}],"author":[{"embeddable":true,"href":"https:\/\/www.ramiroaraujo.com\/index.php?rest_route=\/wp\/v2\/users\/1"}],"replies":[{"embeddable":true,"href":"https:\/\/www.ramiroaraujo.com\/index.php?rest_route=%2Fwp%2Fv2%2Fcomments&post=87"}],"version-history":[{"count":1,"href":"https:\/\/www.ramiroaraujo.com\/index.php?rest_route=\/wp\/v2\/posts\/87\/revisions"}],"predecessor-version":[{"id":88,"href":"https:\/\/www.ramiroaraujo.com\/index.php?rest_route=\/wp\/v2\/posts\/87\/revisions\/88"}],"wp:attachment":[{"href":"https:\/\/www.ramiroaraujo.com\/index.php?rest_route=%2Fwp%2Fv2%2Fmedia&parent=87"}],"wp:term":[{"taxonomy":"category","embeddable":true,"href":"https:\/\/www.ramiroaraujo.com\/index.php?rest_route=%2Fwp%2Fv2%2Fcategories&post=87"},{"taxonomy":"post_tag","embeddable":true,"href":"https:\/\/www.ramiroaraujo.com\/index.php?rest_route=%2Fwp%2Fv2%2Ftags&post=87"}],"curies":[{"name":"wp","href":"https:\/\/api.w.org\/{rel}","templated":true}]}}